{"id":3855,"date":"2026-02-24T13:43:12","date_gmt":"2026-02-24T13:43:12","guid":{"rendered":"https:\/\/mimukai.eus\/abierto-el-plazo-para-las-ayudas-a-la-instalacion-agraria\/"},"modified":"2026-02-25T12:38:50","modified_gmt":"2026-02-25T12:38:50","slug":"abierto-el-plazo-para-las-ayudas-a-la-instalacion-agraria","status":"publish","type":"post","link":"https:\/\/mimukai.eus\/es\/abierto-el-plazo-para-las-ayudas-a-la-instalacion-agraria\/","title":{"rendered":"Abierto el plazo para las ayudas a la instalaci\u00f3n agraria"},"content":{"rendered":"\n<p><strong>El gobierno de Navarra impulsa el relevo generacional en el campo con nuevas ayudas a la instalaci\u00f3n agraria<\/strong> <\/p>\n\n<p>El Gobierno de Navarra ha aprobado tres convocatorias de ayudas para 2026 dirigidas a fomentar la incorporaci\u00f3n al sector agrario, tanto de j\u00f3venes agricultores \u2014profesionales y a tiempo parcial\u2014 como de nuevas personas agricultoras. Las medidas, enmarcadas en el Plan Estrat\u00e9gico de la PEPAC 2023-2027, persiguen favorecer el relevo generacional, promover el empleo rural y apoyar el desarrollo sostenible de las explotaciones agrarias, entre otras.<br\/> <br\/>Las tres convocatorias comparten objetivos comunes: facilitar la instalaci\u00f3n mediante un plan empresarial, mejorar la viabilidad econ\u00f3mica de las explotaciones, impulsar la igualdad de g\u00e9nero en el sector y reforzar el desarrollo socioecon\u00f3mico del medio rural. Las ayudas consisten en primas econ\u00f3micas cofinanciadas por el Gobierno de Navarra y el Fondo Europeo Agr\u00edcola de Desarrollo Rural (FEADER), abonadas en dos fases ligadas al inicio y finalizaci\u00f3n del proyecto empresarial.   <br\/> <br\/>El plazo de solicitud se abre tras la publicaci\u00f3n oficial y se extiende durante 40 d\u00edas naturales. Con estas convocatorias, la Administraci\u00f3n foral refuerza su estrategia de modernizaci\u00f3n y sostenibilidad del sector agrario, apostando por atraer nuevas incorporaciones y consolidar el tejido productivo rural navarro  <\/p>\n\n<p><strong>Plazo de presentaci\u00f3n<\/strong> de solicitudes: Hasta el 30 de marzo de 2026 <\/p>\n\n<p><strong>M\u00e1s informaci\u00f3n: <\/strong><\/p>\n\n<p><strong>Tramitaci\u00f3n: <\/strong><\/p>\n\n<ul class=\"wp-block-list\">\n<li>&#8220;Ayuda a la primera instalaci\u00f3n de j\u00f3venes agricultores y agricultoras profesionales&#8221;: <a href=\"https:\/\/www.navarra.es\/eu\/tramiteak\/on\/-\/line\/ayudas-al-establecimiento-de-jovenes-agricultores-profesionales-2026\">https:\/\/www.navarra.es\/es\/tramites\/on\/-\/line\/ayudas-al-establecimiento-de-jovenes-agricultores-profesionales-2026<\/a><\/li>\n<\/ul>\n\n<ul class=\"wp-block-list\">\n<li>&#8220;Ayuda al establecimiento de j\u00f3venes agricultores y agricultoras a tiempo parcial&#8221;: <a href=\"https:\/\/www.navarra.es\/eu\/tramiteak\/on\/-\/line\/ayudas-al-establecimiento-de-jovenes-agricultores-a-tiempo-parcial-2026\">https:\/\/www.navarra.es\/es\/tramites\/on\/-\/line\/ayudas-al-establecimiento-de-jovenes-agricultores-a-tiempo-parcial-2026<\/a><\/li>\n<\/ul>\n\n<ul class=\"wp-block-list\">\n<li>&#8220;Ayuda al establecimiento de nuevos agricultores y agricultoras&#8221;: <a href=\"https:\/\/www.navarra.es\/eu\/tramiteak\/on\/-\/line\/ayudas-al-establecimiento-de-nuevos-agricultores-2026\">https:\/\/www.navarra.es\/es\/tramites\/on\/-\/line\/ayudas-al-establecimiento-de-nuevos-agricultores-2026 <\/a><\/li>\n<\/ul>\n\n<p><strong>Links BON: <\/strong> <\/p>\n\n<ul class=\"wp-block-list\">\n<li>&#8220;Ayuda a la primera instalaci\u00f3n de j\u00f3venes agricultores y agricultoras profesionales&#8221;: <a href=\"https:\/\/bon.navarra.es\/eu\/iragarkia\/-\/texto\/2026\/34\/9\" target=\"_blank\" rel=\"noreferrer noopener\">https:\/\/bon.navarra.es\/es\/anuncio\/-\/texto\/2026\/34\/9 <\/a>  <\/li>\n<\/ul>\n\n<ul class=\"wp-block-list\">\n<li>&#8220;&#8221;Ayuda al establecimiento de j\u00f3venes agricultores y agricultoras a tiempo parcial&#8221;: <a href=\"https:\/\/bon.navarra.es\/eu\/iragarkia\/-\/texto\/2026\/34\/10\" target=\"_blank\" rel=\"noreferrer noopener\">https:\/\/bon.navarra.es\/es\/anuncio\/-\/texto\/2026\/34\/10 <\/a>  <\/li>\n<\/ul>\n\n<ul class=\"wp-block-list\">\n<li>&#8220;Ayuda al establecimiento de nuevos agricultores y agricultoras&#8221;: <a href=\"https:\/\/bon.navarra.es\/eu\/iragarkia\/-\/texto\/2026\/34\/11\" target=\"_blank\" rel=\"noreferrer noopener\">https:\/\/bon.navarra.es\/es\/anuncio\/-\/texto\/2026\/34\/11<\/a>  <\/li>\n<\/ul>\n\n<div class=\"wp-block-group has-global-padding is-layout-constrained wp-block-group-is-layout-constrained\">\n<div class=\"wp-block-group has-global-padding is-layout-constrained wp-block-group-is-layout-constrained\">\n<div class=\"wp-block-cover is-light\"><span aria-hidden=\"true\" class=\"wp-block-cover__background has-primary-background-color has-background-dim-100 has-background-dim\"><\/span><div class=\"wp-block-cover__inner-container has-global-padding is-layout-constrained wp-block-cover-is-layout-constrained\">\n<p class=\"has-text-align-center has-large-font-size\" style=\"border-style:none;border-width:0px;border-radius:0px;padding-top:0;padding-right:0;padding-bottom:0;padding-left:0\"><\/p>\n\n\n\n<div class=\"wp-block-columns is-layout-flex wp-container-core-columns-is-layout-109eeda6 wp-block-columns-is-layout-flex\" style=\"border-style:none;border-width:0px;border-radius:0px;margin-top:0;margin-bottom:0;padding-top:0;padding-right:var(--wp--preset--spacing--70);padding-bottom:0;padding-left:var(--wp--preset--spacing--70)\">\n<div class=\"wp-block-column is-layout-flow wp-block-column-is-layout-flow\">\n<div class=\"wp-block-cover alignright\" style=\"min-height:400px;aspect-ratio:unset;\"><span aria-hidden=\"true\" class=\"wp-block-cover__background has-background-dim\"><\/span><img loading=\"lazy\" decoding=\"async\" width=\"1024\" height=\"1024\" class=\"wp-block-cover__image-background wp-image-2788\" alt=\"\" src=\"https:\/\/mimukai.eus\/wp-content\/uploads\/2025\/03\/Ainhoa-Oribe-min-1024x1024.jpg\" data-object-fit=\"cover\" srcset=\"https:\/\/mimukai.eus\/wp-content\/uploads\/2025\/03\/Ainhoa-Oribe-min-1024x1024.jpg 1024w, https:\/\/mimukai.eus\/wp-content\/uploads\/2025\/03\/Ainhoa-Oribe-min-512x512.jpg 512w, https:\/\/mimukai.eus\/wp-content\/uploads\/2025\/03\/Ainhoa-Oribe-min-150x150.jpg 150w, https:\/\/mimukai.eus\/wp-content\/uploads\/2025\/03\/Ainhoa-Oribe-min-768x768.jpg 768w, https:\/\/mimukai.eus\/wp-content\/uploads\/2025\/03\/Ainhoa-Oribe-min-1536x1536.jpg 1536w, https:\/\/mimukai.eus\/wp-content\/uploads\/2025\/03\/Ainhoa-Oribe-min-2048x2048.jpg 2048w\" sizes=\"auto, (max-width: 1024px) 100vw, 1024px\" \/><div class=\"wp-block-cover__inner-container is-layout-flow wp-block-cover-is-layout-flow\">\n<p class=\"has-text-align-center has-large-font-size\"><\/p>\n<\/div><\/div>\n<\/div>\n\n\n\n<div class=\"wp-block-column is-layout-flow wp-block-column-is-layout-flow\">\n<div class=\"wp-block-cover is-light\" style=\"min-height:400px;aspect-ratio:unset;\"><span aria-hidden=\"true\" class=\"wp-block-cover__background has-tertiary-background-color has-background-dim-100 has-background-dim\"><\/span><div class=\"wp-block-cover__inner-container has-global-padding is-layout-constrained wp-block-cover-is-layout-constrained\">\n<h3 class=\"wp-block-heading\">Ainhoa Oribe<\/h3>\n\n\n\n<p><strong>Emprendimiento<\/strong><br\/>mendialdea@cederna.es <br\/>617 609 328<\/p>\n<\/div><\/div>\n<\/div>\n<\/div>\n<\/div><\/div>\n<\/div>\n<\/div>\n","protected":false},"excerpt":{"rendered":"<p>El gobierno de Navarra impulsa el relevo generacional en el campo con nuevas ayudas a la instalaci\u00f3n agraria El Gobierno de Navarra ha aprobado tres convocatorias de ayudas para 2026 dirigidas a fomentar la incorporaci\u00f3n al sector agrario, tanto de j\u00f3venes agricultores \u2014profesionales y a tiempo parcial\u2014 como de nuevas personas agricultoras. Las medidas, enmarcadas [&hellip;]<\/p>\n","protected":false},"author":3,"featured_media":3827,"comment_status":"open","ping_status":"open","sticky":false,"template":"","format":"standard","meta":{"event_start_date":"","event_end_date":"","event_occurrences":[],"footnotes":""},"categories":[23,67],"tags":[],"class_list":["post-3855","post","type-post","status-publish","format-standard","has-post-thumbnail","hentry","category-noticias","category-subvenciones"],"yoast_head":"<!-- This site is optimized with the Yoast SEO plugin v27.1.1 - https:\/\/yoast.com\/product\/yoast-seo-wordpress\/ -->\n<title>Abierto el plazo para las ayudas a la instalaci\u00f3n agraria - Mimukai<\/title>\n<meta name=\"robots\" content=\"index, follow, max-snippet:-1, max-image-preview:large, max-video-preview:-1\" \/>\n<link rel=\"canonical\" href=\"https:\/\/mimukai.eus\/es\/abierto-el-plazo-para-las-ayudas-a-la-instalacion-agraria\/\" \/>\n<meta property=\"og:locale\" content=\"es_ES\" \/>\n<meta property=\"og:type\" content=\"article\" \/>\n<meta property=\"og:title\" content=\"Abierto el plazo para las ayudas a la instalaci\u00f3n agraria - Mimukai\" \/>\n<meta property=\"og:description\" content=\"El gobierno de Navarra impulsa el relevo generacional en el campo con nuevas ayudas a la instalaci\u00f3n agraria El Gobierno de Navarra ha aprobado tres convocatorias de ayudas para 2026 dirigidas a fomentar la incorporaci\u00f3n al sector agrario, tanto de j\u00f3venes agricultores \u2014profesionales y a tiempo parcial\u2014 como de nuevas personas agricultoras. Las medidas, enmarcadas [&hellip;]\" \/>\n<meta property=\"og:url\" content=\"https:\/\/mimukai.eus\/es\/abierto-el-plazo-para-las-ayudas-a-la-instalacion-agraria\/\" \/>\n<meta property=\"og:site_name\" content=\"Mimukai\" \/>\n<meta property=\"article:published_time\" content=\"2026-02-24T13:43:12+00:00\" \/>\n<meta property=\"article:modified_time\" content=\"2026-02-25T12:38:50+00:00\" \/>\n<meta property=\"og:image\" content=\"https:\/\/mimukai.eus\/wp-content\/uploads\/2026\/02\/Laguntzak-nekazariak.png\" \/>\n\t<meta property=\"og:image:width\" content=\"1080\" \/>\n\t<meta property=\"og:image:height\" content=\"1080\" \/>\n\t<meta property=\"og:image:type\" content=\"image\/png\" \/>\n<meta name=\"author\" content=\"Cederna Garalur\" \/>\n<meta name=\"twitter:card\" content=\"summary_large_image\" \/>\n<meta name=\"twitter:label1\" content=\"Written by\" \/>\n\t<meta name=\"twitter:data1\" content=\"Cederna Garalur\" \/>\n\t<meta name=\"twitter:label2\" content=\"Est. reading time\" \/>\n\t<meta name=\"twitter:data2\" content=\"2 minutes\" \/>\n<script type=\"application\/ld+json\" class=\"yoast-schema-graph\">{\"@context\":\"https:\/\/schema.org\",\"@graph\":[{\"@type\":\"Article\",\"@id\":\"https:\/\/mimukai.eus\/es\/abierto-el-plazo-para-las-ayudas-a-la-instalacion-agraria\/#article\",\"isPartOf\":{\"@id\":\"https:\/\/mimukai.eus\/es\/abierto-el-plazo-para-las-ayudas-a-la-instalacion-agraria\/\"},\"author\":{\"name\":\"Cederna Garalur\",\"@id\":\"https:\/\/mimukai.eus\/#\/schema\/person\/70dfc439dbfb50bea8763e4787fb1c08\"},\"headline\":\"Abierto el plazo para las ayudas a la instalaci\u00f3n agraria\",\"datePublished\":\"2026-02-24T13:43:12+00:00\",\"dateModified\":\"2026-02-25T12:38:50+00:00\",\"mainEntityOfPage\":{\"@id\":\"https:\/\/mimukai.eus\/es\/abierto-el-plazo-para-las-ayudas-a-la-instalacion-agraria\/\"},\"wordCount\":366,\"commentCount\":0,\"publisher\":{\"@id\":\"https:\/\/mimukai.eus\/#organization\"},\"image\":{\"@id\":\"https:\/\/mimukai.eus\/es\/abierto-el-plazo-para-las-ayudas-a-la-instalacion-agraria\/#primaryimage\"},\"thumbnailUrl\":\"https:\/\/mimukai.eus\/wp-content\/uploads\/2026\/02\/Laguntzak-nekazariak.png\",\"articleSection\":[\"Noticias\",\"Subvenciones\"],\"inLanguage\":\"es-ES\",\"potentialAction\":[{\"@type\":\"CommentAction\",\"name\":\"Comment\",\"target\":[\"https:\/\/mimukai.eus\/es\/abierto-el-plazo-para-las-ayudas-a-la-instalacion-agraria\/#respond\"]}]},{\"@type\":\"WebPage\",\"@id\":\"https:\/\/mimukai.eus\/es\/abierto-el-plazo-para-las-ayudas-a-la-instalacion-agraria\/\",\"url\":\"https:\/\/mimukai.eus\/es\/abierto-el-plazo-para-las-ayudas-a-la-instalacion-agraria\/\",\"name\":\"Abierto el plazo para las ayudas a la instalaci\u00f3n agraria - Mimukai\",\"isPartOf\":{\"@id\":\"https:\/\/mimukai.eus\/#website\"},\"primaryImageOfPage\":{\"@id\":\"https:\/\/mimukai.eus\/es\/abierto-el-plazo-para-las-ayudas-a-la-instalacion-agraria\/#primaryimage\"},\"image\":{\"@id\":\"https:\/\/mimukai.eus\/es\/abierto-el-plazo-para-las-ayudas-a-la-instalacion-agraria\/#primaryimage\"},\"thumbnailUrl\":\"https:\/\/mimukai.eus\/wp-content\/uploads\/2026\/02\/Laguntzak-nekazariak.png\",\"datePublished\":\"2026-02-24T13:43:12+00:00\",\"dateModified\":\"2026-02-25T12:38:50+00:00\",\"breadcrumb\":{\"@id\":\"https:\/\/mimukai.eus\/es\/abierto-el-plazo-para-las-ayudas-a-la-instalacion-agraria\/#breadcrumb\"},\"inLanguage\":\"es-ES\",\"potentialAction\":[{\"@type\":\"ReadAction\",\"target\":[\"https:\/\/mimukai.eus\/es\/abierto-el-plazo-para-las-ayudas-a-la-instalacion-agraria\/\"]}]},{\"@type\":\"ImageObject\",\"inLanguage\":\"es-ES\",\"@id\":\"https:\/\/mimukai.eus\/es\/abierto-el-plazo-para-las-ayudas-a-la-instalacion-agraria\/#primaryimage\",\"url\":\"https:\/\/mimukai.eus\/wp-content\/uploads\/2026\/02\/Laguntzak-nekazariak.png\",\"contentUrl\":\"https:\/\/mimukai.eus\/wp-content\/uploads\/2026\/02\/Laguntzak-nekazariak.png\",\"width\":1080,\"height\":1080},{\"@type\":\"BreadcrumbList\",\"@id\":\"https:\/\/mimukai.eus\/es\/abierto-el-plazo-para-las-ayudas-a-la-instalacion-agraria\/#breadcrumb\",\"itemListElement\":[{\"@type\":\"ListItem\",\"position\":1,\"name\":\"Home\",\"item\":\"https:\/\/mimukai.eus\/es\/\"},{\"@type\":\"ListItem\",\"position\":2,\"name\":\"Abierto el plazo para las ayudas a la instalaci\u00f3n agraria\"}]},{\"@type\":\"WebSite\",\"@id\":\"https:\/\/mimukai.eus\/#website\",\"url\":\"https:\/\/mimukai.eus\/\",\"name\":\"Mimukai\",\"description\":\"Topagunea. Elkarlana. Sinergiak. Zubiak\",\"publisher\":{\"@id\":\"https:\/\/mimukai.eus\/#organization\"},\"potentialAction\":[{\"@type\":\"SearchAction\",\"target\":{\"@type\":\"EntryPoint\",\"urlTemplate\":\"https:\/\/mimukai.eus\/?s={search_term_string}\"},\"query-input\":{\"@type\":\"PropertyValueSpecification\",\"valueRequired\":true,\"valueName\":\"search_term_string\"}}],\"inLanguage\":\"es-ES\"},{\"@type\":\"Organization\",\"@id\":\"https:\/\/mimukai.eus\/#organization\",\"name\":\"Mimukai\",\"url\":\"https:\/\/mimukai.eus\/\",\"logo\":{\"@type\":\"ImageObject\",\"inLanguage\":\"es-ES\",\"@id\":\"https:\/\/mimukai.eus\/#\/schema\/logo\/image\/\",\"url\":\"https:\/\/mimukai.eus\/wp-content\/uploads\/2024\/03\/V1.png\",\"contentUrl\":\"https:\/\/mimukai.eus\/wp-content\/uploads\/2024\/03\/V1.png\",\"width\":1560,\"height\":304,\"caption\":\"Mimukai\"},\"image\":{\"@id\":\"https:\/\/mimukai.eus\/#\/schema\/logo\/image\/\"}},{\"@type\":\"Person\",\"@id\":\"https:\/\/mimukai.eus\/#\/schema\/person\/70dfc439dbfb50bea8763e4787fb1c08\",\"name\":\"Cederna Garalur\",\"image\":{\"@type\":\"ImageObject\",\"inLanguage\":\"es-ES\",\"@id\":\"https:\/\/mimukai.eus\/#\/schema\/person\/image\/\",\"url\":\"https:\/\/secure.gravatar.com\/avatar\/104f0b085467449a85d0d1723cd4370b7c6a199ba9b273b179ab8544f5bc00fe?s=96&d=mm&r=g\",\"contentUrl\":\"https:\/\/secure.gravatar.com\/avatar\/104f0b085467449a85d0d1723cd4370b7c6a199ba9b273b179ab8544f5bc00fe?s=96&d=mm&r=g\",\"caption\":\"Cederna Garalur\"},\"url\":\"https:\/\/mimukai.eus\/es\/author\/mimukai\/\"}]}<\/script>\n<!-- \/ Yoast SEO plugin. -->","yoast_head_json":{"title":"Abierto el plazo para las ayudas a la instalaci\u00f3n agraria - Mimukai","robots":{"index":"index","follow":"follow","max-snippet":"max-snippet:-1","max-image-preview":"max-image-preview:large","max-video-preview":"max-video-preview:-1"},"canonical":"https:\/\/mimukai.eus\/es\/abierto-el-plazo-para-las-ayudas-a-la-instalacion-agraria\/","og_locale":"es_ES","og_type":"article","og_title":"Abierto el plazo para las ayudas a la instalaci\u00f3n agraria - Mimukai","og_description":"El gobierno de Navarra impulsa el relevo generacional en el campo con nuevas ayudas a la instalaci\u00f3n agraria El Gobierno de Navarra ha aprobado tres convocatorias de ayudas para 2026 dirigidas a fomentar la incorporaci\u00f3n al sector agrario, tanto de j\u00f3venes agricultores \u2014profesionales y a tiempo parcial\u2014 como de nuevas personas agricultoras. Las medidas, enmarcadas [&hellip;]","og_url":"https:\/\/mimukai.eus\/es\/abierto-el-plazo-para-las-ayudas-a-la-instalacion-agraria\/","og_site_name":"Mimukai","article_published_time":"2026-02-24T13:43:12+00:00","article_modified_time":"2026-02-25T12:38:50+00:00","og_image":[{"width":1080,"height":1080,"url":"https:\/\/mimukai.eus\/wp-content\/uploads\/2026\/02\/Laguntzak-nekazariak.png","type":"image\/png"}],"author":"Cederna Garalur","twitter_card":"summary_large_image","twitter_misc":{"Written by":"Cederna Garalur","Est. reading time":"2 minutes"},"schema":{"@context":"https:\/\/schema.org","@graph":[{"@type":"Article","@id":"https:\/\/mimukai.eus\/es\/abierto-el-plazo-para-las-ayudas-a-la-instalacion-agraria\/#article","isPartOf":{"@id":"https:\/\/mimukai.eus\/es\/abierto-el-plazo-para-las-ayudas-a-la-instalacion-agraria\/"},"author":{"name":"Cederna Garalur","@id":"https:\/\/mimukai.eus\/#\/schema\/person\/70dfc439dbfb50bea8763e4787fb1c08"},"headline":"Abierto el plazo para las ayudas a la instalaci\u00f3n agraria","datePublished":"2026-02-24T13:43:12+00:00","dateModified":"2026-02-25T12:38:50+00:00","mainEntityOfPage":{"@id":"https:\/\/mimukai.eus\/es\/abierto-el-plazo-para-las-ayudas-a-la-instalacion-agraria\/"},"wordCount":366,"commentCount":0,"publisher":{"@id":"https:\/\/mimukai.eus\/#organization"},"image":{"@id":"https:\/\/mimukai.eus\/es\/abierto-el-plazo-para-las-ayudas-a-la-instalacion-agraria\/#primaryimage"},"thumbnailUrl":"https:\/\/mimukai.eus\/wp-content\/uploads\/2026\/02\/Laguntzak-nekazariak.png","articleSection":["Noticias","Subvenciones"],"inLanguage":"es-ES","potentialAction":[{"@type":"CommentAction","name":"Comment","target":["https:\/\/mimukai.eus\/es\/abierto-el-plazo-para-las-ayudas-a-la-instalacion-agraria\/#respond"]}]},{"@type":"WebPage","@id":"https:\/\/mimukai.eus\/es\/abierto-el-plazo-para-las-ayudas-a-la-instalacion-agraria\/","url":"https:\/\/mimukai.eus\/es\/abierto-el-plazo-para-las-ayudas-a-la-instalacion-agraria\/","name":"Abierto el plazo para las ayudas a la instalaci\u00f3n agraria - Mimukai","isPartOf":{"@id":"https:\/\/mimukai.eus\/#website"},"primaryImageOfPage":{"@id":"https:\/\/mimukai.eus\/es\/abierto-el-plazo-para-las-ayudas-a-la-instalacion-agraria\/#primaryimage"},"image":{"@id":"https:\/\/mimukai.eus\/es\/abierto-el-plazo-para-las-ayudas-a-la-instalacion-agraria\/#primaryimage"},"thumbnailUrl":"https:\/\/mimukai.eus\/wp-content\/uploads\/2026\/02\/Laguntzak-nekazariak.png","datePublished":"2026-02-24T13:43:12+00:00","dateModified":"2026-02-25T12:38:50+00:00","breadcrumb":{"@id":"https:\/\/mimukai.eus\/es\/abierto-el-plazo-para-las-ayudas-a-la-instalacion-agraria\/#breadcrumb"},"inLanguage":"es-ES","potentialAction":[{"@type":"ReadAction","target":["https:\/\/mimukai.eus\/es\/abierto-el-plazo-para-las-ayudas-a-la-instalacion-agraria\/"]}]},{"@type":"ImageObject","inLanguage":"es-ES","@id":"https:\/\/mimukai.eus\/es\/abierto-el-plazo-para-las-ayudas-a-la-instalacion-agraria\/#primaryimage","url":"https:\/\/mimukai.eus\/wp-content\/uploads\/2026\/02\/Laguntzak-nekazariak.png","contentUrl":"https:\/\/mimukai.eus\/wp-content\/uploads\/2026\/02\/Laguntzak-nekazariak.png","width":1080,"height":1080},{"@type":"BreadcrumbList","@id":"https:\/\/mimukai.eus\/es\/abierto-el-plazo-para-las-ayudas-a-la-instalacion-agraria\/#breadcrumb","itemListElement":[{"@type":"ListItem","position":1,"name":"Home","item":"https:\/\/mimukai.eus\/es\/"},{"@type":"ListItem","position":2,"name":"Abierto el plazo para las ayudas a la instalaci\u00f3n agraria"}]},{"@type":"WebSite","@id":"https:\/\/mimukai.eus\/#website","url":"https:\/\/mimukai.eus\/","name":"Mimukai","description":"Topagunea. Elkarlana. Sinergiak. Zubiak","publisher":{"@id":"https:\/\/mimukai.eus\/#organization"},"potentialAction":[{"@type":"SearchAction","target":{"@type":"EntryPoint","urlTemplate":"https:\/\/mimukai.eus\/?s={search_term_string}"},"query-input":{"@type":"PropertyValueSpecification","valueRequired":true,"valueName":"search_term_string"}}],"inLanguage":"es-ES"},{"@type":"Organization","@id":"https:\/\/mimukai.eus\/#organization","name":"Mimukai","url":"https:\/\/mimukai.eus\/","logo":{"@type":"ImageObject","inLanguage":"es-ES","@id":"https:\/\/mimukai.eus\/#\/schema\/logo\/image\/","url":"https:\/\/mimukai.eus\/wp-content\/uploads\/2024\/03\/V1.png","contentUrl":"https:\/\/mimukai.eus\/wp-content\/uploads\/2024\/03\/V1.png","width":1560,"height":304,"caption":"Mimukai"},"image":{"@id":"https:\/\/mimukai.eus\/#\/schema\/logo\/image\/"}},{"@type":"Person","@id":"https:\/\/mimukai.eus\/#\/schema\/person\/70dfc439dbfb50bea8763e4787fb1c08","name":"Cederna Garalur","image":{"@type":"ImageObject","inLanguage":"es-ES","@id":"https:\/\/mimukai.eus\/#\/schema\/person\/image\/","url":"https:\/\/secure.gravatar.com\/avatar\/104f0b085467449a85d0d1723cd4370b7c6a199ba9b273b179ab8544f5bc00fe?s=96&d=mm&r=g","contentUrl":"https:\/\/secure.gravatar.com\/avatar\/104f0b085467449a85d0d1723cd4370b7c6a199ba9b273b179ab8544f5bc00fe?s=96&d=mm&r=g","caption":"Cederna Garalur"},"url":"https:\/\/mimukai.eus\/es\/author\/mimukai\/"}]}},"_links":{"self":[{"href":"https:\/\/mimukai.eus\/es\/wp-json\/wp\/v2\/posts\/3855","targetHints":{"allow":["GET"]}}],"collection":[{"href":"https:\/\/mimukai.eus\/es\/wp-json\/wp\/v2\/posts"}],"about":[{"href":"https:\/\/mimukai.eus\/es\/wp-json\/wp\/v2\/types\/post"}],"author":[{"embeddable":true,"href":"https:\/\/mimukai.eus\/es\/wp-json\/wp\/v2\/users\/3"}],"replies":[{"embeddable":true,"href":"https:\/\/mimukai.eus\/es\/wp-json\/wp\/v2\/comments?post=3855"}],"version-history":[{"count":1,"href":"https:\/\/mimukai.eus\/es\/wp-json\/wp\/v2\/posts\/3855\/revisions"}],"predecessor-version":[{"id":3856,"href":"https:\/\/mimukai.eus\/es\/wp-json\/wp\/v2\/posts\/3855\/revisions\/3856"}],"wp:featuredmedia":[{"embeddable":true,"href":"https:\/\/mimukai.eus\/es\/wp-json\/wp\/v2\/media\/3827"}],"wp:attachment":[{"href":"https:\/\/mimukai.eus\/es\/wp-json\/wp\/v2\/media?parent=3855"}],"wp:term":[{"taxonomy":"category","embeddable":true,"href":"https:\/\/mimukai.eus\/es\/wp-json\/wp\/v2\/categories?post=3855"},{"taxonomy":"post_tag","embeddable":true,"href":"https:\/\/mimukai.eus\/es\/wp-json\/wp\/v2\/tags?post=3855"}],"curies":[{"name":"wp","href":"https:\/\/api.w.org\/{rel}","templated":true}]}}